{"id":487,"date":"2023-10-09T18:44:20","date_gmt":"2023-10-09T18:44:20","guid":{"rendered":"https:\/\/aniem.org\/?p=487"},"modified":"2023-10-09T18:47:58","modified_gmt":"2023-10-09T18:47:58","slug":"487","status":"publish","type":"post","link":"https:\/\/aniem.org\/index.php\/2023\/10\/09\/487\/","title":{"rendered":"Un Viaje a Trav\u00e9s de la Historia hacia una Educaci\u00f3n para Todos"},"content":{"rendered":"<p>[et_pb_section fb_built=\u00bb1&#8243; theme_builder_area=\u00bbpost_content\u00bb _builder_version=\u00bb4.22.2&#8243; _module_preset=\u00bbdefault\u00bb][et_pb_row _builder_version=\u00bb4.22.2&#8243; _module_preset=\u00bbdefault\u00bb theme_builder_area=\u00bbpost_content\u00bb][et_pb_column _builder_version=\u00bb4.22.2&#8243; _module_preset=\u00bbdefault\u00bb type=\u00bb4_4&#8243; theme_builder_area=\u00bbpost_content\u00bb][et_pb_text _builder_version=\u00bb4.22.2&#8243; _module_preset=\u00bbdefault\u00bb theme_builder_area=\u00bbpost_content\u00bb hover_enabled=\u00bb0&#8243; sticky_enabled=\u00bb0&#8243;]<\/p>\n<h2>Un Viaje a Trav\u00e9s de la Historia hacia una Educaci\u00f3n para Todos<\/h2>\n<p>[\/et_pb_text][\/et_pb_column][\/et_pb_row][et_pb_row _builder_version=\u00bb4.22.2&#8243; _module_preset=\u00bbdefault\u00bb theme_builder_area=\u00bbpost_content\u00bb column_structure=\u00bb1_3,1_3,1_3&#8243;][et_pb_column _builder_version=\u00bb4.22.2&#8243; _module_preset=\u00bbdefault\u00bb type=\u00bb1_3&#8243; theme_builder_area=\u00bbpost_content\u00bb][et_pb_image src=\u00bbhttp:\/\/aniem.org\/wp-content\/uploads\/2023\/10\/Imagenes-pagina-web-ANIEM-27.png\u00bb _builder_version=\u00bb4.22.2&#8243; _module_preset=\u00bbdefault\u00bb theme_builder_area=\u00bbpost_content\u00bb hover_enabled=\u00bb0&#8243; sticky_enabled=\u00bb0&#8243; title_text=\u00bbIm\u00e1genes p\u00e1gina web ANIEM (27)\u00bb][\/et_pb_image][et_pb_text _builder_version=\u00bb4.22.2&#8243; _module_preset=\u00bbdefault\u00bb theme_builder_area=\u00bbpost_content\u00bb hover_enabled=\u00bb0&#8243; sticky_enabled=\u00bb0&#8243;]<\/p>\n<p>La inclusividad educativa es un principio fundamental que aboga por el derecho de todas las personas a acceder a una educaci\u00f3n de calidad, independientemente de sus diferencias individuales. Aunque hoy en d\u00eda es ampliamente reconocido como un valor central en la educaci\u00f3n, su camino hacia la aceptaci\u00f3n y la implementaci\u00f3n ha sido un proceso gradual, moldeado por eventos hist\u00f3ricos y avances en la comprensi\u00f3n de la diversidad humana.<\/p>\n<p><strong>Or\u00edgenes Hist\u00f3ricos de la Inclusividad Educativa<\/strong><\/p>\n<p>Los or\u00edgenes de la inclusividad educativa se remontan a la antigua Grecia, donde se daban los primeros indicios de una educaci\u00f3n accesible para todos. Plat\u00f3n, por ejemplo, defend\u00eda la educaci\u00f3n para las mujeres y esclavos, lo que marc\u00f3 un precedente en la discusi\u00f3n sobre la igualdad educativa.<\/p>\n<p>[\/et_pb_text][\/et_pb_column][et_pb_column _builder_version=\u00bb4.22.2&#8243; _module_preset=\u00bbdefault\u00bb type=\u00bb1_3&#8243; theme_builder_area=\u00bbpost_content\u00bb][et_pb_text _builder_version=\u00bb4.22.2&#8243; _module_preset=\u00bbdefault\u00bb theme_builder_area=\u00bbpost_content\u00bb hover_enabled=\u00bb0&#8243; sticky_enabled=\u00bb0&#8243;]<\/p>\n<p>Sin embargo, fue en el siglo XVIII cuando el pensamiento sobre la educaci\u00f3n comenz\u00f3 a evolucionar de manera m\u00e1s significativa. En esta \u00e9poca, el fil\u00f3sofo suizo Jean-Jacques Rousseau abogaba por una educaci\u00f3n que tuviera en cuenta las diferencias individuales de los estudiantes. Sus ideas influyeron en la creaci\u00f3n de sistemas educativos m\u00e1s inclusivos.<\/p>\n<p>A lo largo del siglo XIX, surgieron movimientos de reforma educativa en pa\u00edses como Francia, Italia y Estados Unidos, que promov\u00edan la educaci\u00f3n universal y accesible. Estos esfuerzos se centraron en superar barreras socioecon\u00f3micas y de g\u00e9nero.<\/p>\n<p><strong>El Siglo XX y los Avances en la Inclusividad Educativa<\/strong><\/p>\n<p>El siglo XX marc\u00f3 un per\u00edodo de avances significativos en la inclusividad educativa a nivel global. La Declaraci\u00f3n Universal de Derechos Humanos de las Naciones Unidas en 1948 reconoci\u00f3 el derecho a la educaci\u00f3n para todas las personas sin discriminaci\u00f3n.<\/p>\n<p>En la d\u00e9cada de 1960, la educaci\u00f3n especial comenz\u00f3 a desarrollarse como un campo de estudio y pr\u00e1ctica, destinado a apoyar a estudiantes con discapacidades. En 1975, la Ley de Educaci\u00f3n para Individuos con Discapacidades (IDEA) en Estados Unidos desarroll\u00f3 el derecho a una educaci\u00f3n p\u00fablica gratuita y apropiada para ni\u00f1os con discapacidades, sentando un precedente importante.<\/p>\n<p>[\/et_pb_text][\/et_pb_column][et_pb_column _builder_version=\u00bb4.22.2&#8243; _module_preset=\u00bbdefault\u00bb type=\u00bb1_3&#8243; theme_builder_area=\u00bbpost_content\u00bb][et_pb_text _builder_version=\u00bb4.22.2&#8243; _module_preset=\u00bbdefault\u00bb theme_builder_area=\u00bbpost_content\u00bb hover_enabled=\u00bb0&#8243; sticky_enabled=\u00bb0&#8243;]<\/p>\n<p>La Conferencia Mundial sobre Necesidades Educativas Especiales, celebrada en 1994 en Salamanca, Espa\u00f1a, fue un punto de inflexi\u00f3n. Esta conferencia promovi\u00f3 la educaci\u00f3n inclusiva como una forma de abordar las diferencias individuales y garantizar que todos los ni\u00f1os tengan acceso a una educaci\u00f3n de calidad.<\/p>\n<p><strong>La Inclusividad Educativa en el Siglo XXI<\/strong><\/p>\n<p>En el siglo XXI, la inclusividad educativa ha seguido ganando terreno. Muchos pa\u00edses han implementado pol\u00edticas y pr\u00e1cticas que buscan eliminar barreras para la participaci\u00f3n en la educaci\u00f3n. La tecnolog\u00eda ha desempe\u00f1ado un papel importante al proporcionar herramientas y recursos para la educaci\u00f3n inclusiva.<\/p>\n<p>Hoy en d\u00eda, la inclusividad educativa no se limita solo a la atenci\u00f3n de estudiantes con discapacidades. Tambi\u00e9n abarca la diversidad cultural, ling\u00fc\u00edstica y de g\u00e9nero, promoviendo un ambiente en el que todos los estudiantes se sientan valorados y respetados.<\/p>\n<p>En resumen, la inclusividad educativa es un concepto en constante evoluci\u00f3n que ha experimentado un progreso significativo a lo largo de la historia. Desde sus modestos comienzos en la antigua Grecia hasta su reconocimiento global en el siglo XXI, la inclusividad educativa contin\u00faa siendo un ideal que impulsa la b\u00fasqueda de una educaci\u00f3n para todos, independientemente de las diferencias que\u00a0puedan\u00a0existir.<\/p>\n<p>[\/et_pb_text][\/et_pb_column][\/et_pb_row][\/et_pb_section]<\/p>\n","protected":false},"excerpt":{"rendered":"<p>Un Viaje a Trav\u00e9s de la Historia hacia una Educaci\u00f3n para TodosLa inclusividad educativa es un principio fundamental que aboga por el derecho de todas las personas a acceder a una educaci\u00f3n de calidad, independientemente de sus diferencias individuales. Aunque hoy en d\u00eda es ampliamente reconocido como un valor central en la educaci\u00f3n, su camino [&hellip;]<\/p>\n","protected":false},"author":1,"featured_media":0,"comment_status":"open","ping_status":"closed","sticky":true,"template":"","format":"standard","meta":{"_et_pb_use_builder":"on","_et_pb_old_content":"","_et_gb_content_width":"","footnotes":""},"categories":[1],"tags":[12,14,13,15],"class_list":["post-487","post","type-post","status-publish","format-standard","hentry","category-uncategorized","tag-aniem","tag-asociacion-nacional-por-la-inclusividad-educativa-en-mexico","tag-inclusividad-educativa","tag-mexico-e-inclusividad"],"_links":{"self":[{"href":"https:\/\/aniem.org\/index.php\/wp-json\/wp\/v2\/posts\/487"}],"collection":[{"href":"https:\/\/aniem.org\/index.php\/wp-json\/wp\/v2\/posts"}],"about":[{"href":"https:\/\/aniem.org\/index.php\/wp-json\/wp\/v2\/types\/post"}],"author":[{"embeddable":true,"href":"https:\/\/aniem.org\/index.php\/wp-json\/wp\/v2\/users\/1"}],"replies":[{"embeddable":true,"href":"https:\/\/aniem.org\/index.php\/wp-json\/wp\/v2\/comments?post=487"}],"version-history":[{"count":3,"href":"https:\/\/aniem.org\/index.php\/wp-json\/wp\/v2\/posts\/487\/revisions"}],"predecessor-version":[{"id":492,"href":"https:\/\/aniem.org\/index.php\/wp-json\/wp\/v2\/posts\/487\/revisions\/492"}],"wp:attachment":[{"href":"https:\/\/aniem.org\/index.php\/wp-json\/wp\/v2\/media?parent=487"}],"wp:term":[{"taxonomy":"category","embeddable":true,"href":"https:\/\/aniem.org\/index.php\/wp-json\/wp\/v2\/categories?post=487"},{"taxonomy":"post_tag","embeddable":true,"href":"https:\/\/aniem.org\/index.php\/wp-json\/wp\/v2\/tags?post=487"}],"curies":[{"name":"wp","href":"https:\/\/api.w.org\/{rel}","templated":true}]}}